{"id":2237,"date":"2013-01-01T08:34:28","date_gmt":"2013-01-01T07:34:28","guid":{"rendered":"http:\/\/blog.die-aktive.de\/?p=2237"},"modified":"2013-01-01T08:34:28","modified_gmt":"2013-01-01T07:34:28","slug":"kulturausschuss-archiv-2005-2012","status":"publish","type":"post","link":"https:\/\/die-aktive.de\/?p=2237","title":{"rendered":"Kulturausschuss &#8211; Archiv 2005-2012"},"content":{"rendered":"<p>\t<a href=\"http:\/\/old.die-aktive.de\/fa_20050426_1.pdf\" target=\"_blank\" rel=\"noopener\"><br \/>\n\t\t<span class=\"klein\">Antrag zum Ausschuss f\u00fcr Kultur, Familie und Soziales am 26.04.2005<\/span> <br \/>Feuerwehr\u00fcbungen in den st\u00e4dtischen Kindertagesst\u00e4tten<br \/>\n<\/a><\/p>\n<hr>\n<p>\t<a href=\"http:\/\/old.die-aktive.de\/fa_20050426_2.pdf\" target=\"_blank\" rel=\"noopener\"><br \/>\n\t\t<span class=\"klein\">Antrag zum Ausschuss f\u00fcr Kultur, Familie und Soziales am 26.04.2005<\/span> <br \/>Demografie<br \/>\n<\/a><\/p>\n<hr>\n","protected":false},"excerpt":{"rendered":"<p>Antrag zum Ausschuss f\u00fcr Kultur, Familie und Soziales am 26.04.2005 Feuerwehr\u00fcbungen in den st\u00e4dtischen Kindertagesst\u00e4tten Antrag zum Ausschuss f\u00fcr Kultur, Familie und Soziales am 26.04.2005 Demografie<\/p>\n","protected":false},"author":2,"featured_media":0,"comment_status":"closed","ping_status":"closed","sticky":false,"template":"","format":"standard","meta":{"footnotes":""},"categories":[3,10,12],"tags":[],"class_list":["post-2237","post","type-post","status-publish","format-standard","hentry","category-ausschusse","category-freiwillige-ausschusse","category-kultur"],"_links":{"self":[{"href":"https:\/\/die-aktive.de\/index.php?rest_route=\/wp\/v2\/posts\/2237","targetHints":{"allow":["GET"]}}],"collection":[{"href":"https:\/\/die-aktive.de\/index.php?rest_route=\/wp\/v2\/posts"}],"about":[{"href":"https:\/\/die-aktive.de\/index.php?rest_route=\/wp\/v2\/types\/post"}],"author":[{"embeddable":true,"href":"https:\/\/die-aktive.de\/index.php?rest_route=\/wp\/v2\/users\/2"}],"replies":[{"embeddable":true,"href":"https:\/\/die-aktive.de\/index.php?rest_route=%2Fwp%2Fv2%2Fcomments&post=2237"}],"version-history":[{"count":0,"href":"https:\/\/die-aktive.de\/index.php?rest_route=\/wp\/v2\/posts\/2237\/revisions"}],"wp:attachment":[{"href":"https:\/\/die-aktive.de\/index.php?rest_route=%2Fwp%2Fv2%2Fmedia&parent=2237"}],"wp:term":[{"taxonomy":"category","embeddable":true,"href":"https:\/\/die-aktive.de\/index.php?rest_route=%2Fwp%2Fv2%2Fcategories&post=2237"},{"taxonomy":"post_tag","embeddable":true,"href":"https:\/\/die-aktive.de\/index.php?rest_route=%2Fwp%2Fv2%2Ftags&post=2237"}],"curies":[{"name":"wp","href":"https:\/\/api.w.org\/{rel}","templated":true}]}}