{"id":2232,"date":"2013-01-01T08:30:07","date_gmt":"2013-01-01T07:30:07","guid":{"rendered":"http:\/\/blog.die-aktive.de\/?p=2232"},"modified":"2013-01-01T08:30:07","modified_gmt":"2013-01-01T07:30:07","slug":"bauausschuss-archiv-2005-2012","status":"publish","type":"post","link":"https:\/\/die-aktive.de\/?p=2232","title":{"rendered":"Bauausschuss &#8211; Archiv 2005-2012"},"content":{"rendered":"<p>\t<a href=\"http:\/\/old.die-aktive.de\/ba_20120604.pdf\" target=\"_blank\" rel=\"noopener\"><br \/>\n\t\t<span class=\"klein\">Antrag zum Ausschuss f\u00fcr Bau und Verkehr am 28.06.2012<\/span> <br \/>Kl\u00fcngelkerls &#8211; Fahrende Schrotth\u00e4ndler<br \/>\n\t<\/a><\/p>\n<hr>\n<p>\t<a href=\"http:\/\/old.die-aktive.de\/ba_20090514.pdf\" target=\"_blank\" rel=\"noopener\"><br \/>\n\t\t<span class=\"klein\">Antrag zum Ausschuss f\u00fcr Bau und Verkehr am 14.05.2009<\/span> <br \/>Stra\u00dfenbeleuchtung auf der K4 \u2013 Hochstra\u00dfe\/Nordstra\u00dfe in Kleinenbroich<br \/>\n\t\t<\/a><\/p>\n<hr>\n<p><a href=\"http:\/\/old.die-aktive.de\/bau_20060509_1.pdf\" target=\"_blank\" rel=\"noopener\"><br \/>\n\t\t<span class=\"klein\">Antrag zum Ausschuss f\u00fcr Bau und Verkehr am 09.05.2006<\/span> <br \/>Absperrb\u00fcgel an den S-Bahn-Unterf\u00fchrungen<br \/>\n\t\t<\/a><\/p>\n<hr>\n<p><a href=\"http:\/\/old.die-aktive.de\/bau_20050830_1.pdf\" target=\"_blank\" rel=\"noopener\"><br \/>\n\t\t<span class=\"klein\">Antrag zum Ausschuss f\u00fcr Bau und Verkehr am 30.08.2005<\/span> <br \/>Bolzplatz neben der Maternus Grundschule<br \/>\n\t\t<\/a><\/p>\n<hr>\n<p>\t<a href=\"http:\/\/old.die-aktive.de\/bau_20050830_2.pdf\" target=\"_blank\" rel=\"noopener\"><br \/>\n\t\t<span class=\"klein\">Antrag zum Ausschuss f\u00fcr Bau und Verkehr am 30.08.2005<\/span> <br \/>Bushaltestelle Steinhausen\/Wasserweg<br \/>\n\t\t<\/a><\/p>\n<hr>\n<p>\t\t<a href=\"http:\/\/old.die-aktive.de\/bau_20050830_3.pdf\" target=\"_blank\" rel=\"noopener\"><br \/>\n\t\t<span class=\"klein\">Antrag zum Ausschuss f\u00fcr Bau und Verkehr am 30.08.2005<\/span> <br \/>Querungshilfe Kleinenbroich\/Rhedung<br \/>\n\t\t<\/a><\/p>\n<hr>\n<p>\t<a href=\"http:\/\/old.die-aktive.de\/bau_20050510_1.pdf\" target=\"_blank\" rel=\"noopener\"><br \/>\n\t\t<span class=\"klein\">Antrag zum Ausschuss f\u00fcr Bau und Verkehr am 10.05.2005<\/span> <br \/>Bolzplatz neben der Maternus Grundschule<br \/>\n\t\t<\/a><\/p>\n<hr>\n<p>\t<a href=\"http:\/\/old.die-aktive.de\/bau_20050510_2.pdf\" target=\"_blank\" rel=\"noopener\"><br \/>\n\t\t<span class=\"klein\">Antrag zum Ausschuss f\u00fcr Bau und Verkehr am 10.05.2005<\/span> <br \/>Fahrbahnmarkierungen auf der Stra\u00dfe &#8222;Am Hoppbruch&#8220;<br \/>\n\t\t<\/a><\/p>\n<hr>\n<p>\t<a href=\"http:\/\/old.die-aktive.de\/bau_20050510_3.pdf\" target=\"_blank\" rel=\"noopener\"><br \/>\n\t\t<span class=\"klein\">Antrag zum Ausschuss f\u00fcr Bau und Verkehr am 10.05.2005<\/span> <br \/>Spiegel in der Stra\u00dfe &#8222;Steinhausen&#8220; \/ M\u00fcndung &#8222;Wasserweg&#8220;<br \/>\n\t\t<\/a><\/p>\n<hr>\n","protected":false},"excerpt":{"rendered":"<p>Antrag zum Ausschuss f\u00fcr Bau und Verkehr am 28.06.2012 Kl\u00fcngelkerls &#8211; Fahrende Schrotth\u00e4ndler Antrag zum Ausschuss f\u00fcr Bau und Verkehr am 14.05.2009 Stra\u00dfenbeleuchtung auf der K4 \u2013 Hochstra\u00dfe\/Nordstra\u00dfe in Kleinenbroich Antrag zum Ausschuss f\u00fcr Bau und Verkehr am 09.05.2006 Absperrb\u00fcgel an den S-Bahn-Unterf\u00fchrungen Antrag zum Ausschuss f\u00fcr Bau und Verkehr am 30.08.2005 Bolzplatz neben der Maternus Grundschule Antrag zum Ausschuss f\u00fcr Bau und Verkehr am 30.08.2005 Bushaltestelle Steinhausen\/Wasserweg Antrag zum Ausschuss f\u00fcr Bau und Verkehr [&#8230;]<\/p>\n","protected":false},"author":2,"featured_media":0,"comment_status":"closed","ping_status":"closed","sticky":false,"template":"","format":"standard","meta":{"footnotes":""},"categories":[3,9,10],"tags":[],"class_list":["post-2232","post","type-post","status-publish","format-standard","hentry","category-ausschusse","category-bau-und-verkehr","category-freiwillige-ausschusse"],"_links":{"self":[{"href":"https:\/\/die-aktive.de\/index.php?rest_route=\/wp\/v2\/posts\/2232","targetHints":{"allow":["GET"]}}],"collection":[{"href":"https:\/\/die-aktive.de\/index.php?rest_route=\/wp\/v2\/posts"}],"about":[{"href":"https:\/\/die-aktive.de\/index.php?rest_route=\/wp\/v2\/types\/post"}],"author":[{"embeddable":true,"href":"https:\/\/die-aktive.de\/index.php?rest_route=\/wp\/v2\/users\/2"}],"replies":[{"embeddable":true,"href":"https:\/\/die-aktive.de\/index.php?rest_route=%2Fwp%2Fv2%2Fcomments&post=2232"}],"version-history":[{"count":0,"href":"https:\/\/die-aktive.de\/index.php?rest_route=\/wp\/v2\/posts\/2232\/revisions"}],"wp:attachment":[{"href":"https:\/\/die-aktive.de\/index.php?rest_route=%2Fwp%2Fv2%2Fmedia&parent=2232"}],"wp:term":[{"taxonomy":"category","embeddable":true,"href":"https:\/\/die-aktive.de\/index.php?rest_route=%2Fwp%2Fv2%2Fcategories&post=2232"},{"taxonomy":"post_tag","embeddable":true,"href":"https:\/\/die-aktive.de\/index.php?rest_route=%2Fwp%2Fv2%2Ftags&post=2232"}],"curies":[{"name":"wp","href":"https:\/\/api.w.org\/{rel}","templated":true}]}}