{"id":20916,"date":"2023-11-08T16:37:53","date_gmt":"2023-11-08T16:37:53","guid":{"rendered":"https:\/\/die-aktive.de\/?p=20916"},"modified":"2023-11-08T16:39:15","modified_gmt":"2023-11-08T16:39:15","slug":"haushaltsantraege-fuer-den-haushalt-2024","status":"publish","type":"post","link":"https:\/\/die-aktive.de\/?p=20916","title":{"rendered":"Haushaltsantr\u00e4ge f\u00fcr den Haushalt 2024"},"content":{"rendered":"\n<p>Sitzung des Hauptausschusses am 14. November 2023:<br><br>Die nachfolgenden Antr\u00e4ge und Anfragen zum Haushalt 2024 f\u00fcr die anstehenden Haushaltsberatungen werden von der Fraktion &#8222;Die Aktive&#8220; eingebracht.<\/p>\n\n\n\n<div data-wp-interactive=\"core\/file\" class=\"wp-block-file\"><object data-wp-bind--hidden=\"!state.hasPdfPreview\" hidden class=\"wp-block-file__embed\" data=\"https:\/\/die-aktive.de\/wp-content\/uploads\/2023\/11\/2023.11.07-Haushaltsantraege-2024.pdf\" type=\"application\/pdf\" style=\"width:100%;height:600px\" aria-label=\"Einbettung von 2023.11.07 Haushaltsantr\u00e4ge 2024.\"><\/object><a id=\"wp-block-file--media-482b2d31-51eb-4428-9220-90a4d8a8dceb\" href=\"https:\/\/die-aktive.de\/wp-content\/uploads\/2023\/11\/2023.11.07-Haushaltsantraege-2024.pdf\">2023.11.07 Haushaltsantr\u00e4ge 2024<\/a><a href=\"https:\/\/die-aktive.de\/wp-content\/uploads\/2023\/11\/2023.11.07-Haushaltsantraege-2024.pdf\" class=\"wp-block-file__button wp-element-button\" download aria-describedby=\"wp-block-file--media-482b2d31-51eb-4428-9220-90a4d8a8dceb\">Herunterladen<\/a><\/div>\n\n\n<a class=\"wp-block-read-more\" href=\"https:\/\/die-aktive.de\/?p=20916\" target=\"_self\">Weiterlesen<span class=\"screen-reader-text\">: Haushaltsantr\u00e4ge f\u00fcr den Haushalt 2024<\/span><\/a>\n\n\n<p>Themen sind:<\/p>\n\n\n\n<ol class=\"wp-block-list\">\n<li>Zusch\u00fcsse an die Vereine<br>Antrag:<br>Die Verteilung der Zusch\u00fcsse an die Kultur-\/Sozial-\/Brauchtums- und Umweltvereine wird<br>f\u00fcr das Jahr 2024 (und folgende) einmalig auf Basis der Anzahl der stimmberechtigten Mitglieder neu berechnet und verteilt.<\/li>\n\n\n\n<li>Klimabeirat<br>Antrag:<br>Der Klimabeirat wird mit Ablauf des Jahres 2023 aufgel\u00f6st.<\/li>\n\n\n\n<li>Hundesteuer<br>Antrag:<br>Zur ordnungsgem\u00e4\u00dfen Erfassung der Zahlung der Hundesteuer wird im Jahr 2024 unter Beteiligung des kommunalen Ordnungsdienstes eine Hundebestandsaufnahme durchgef\u00fchrt.<\/li>\n\n\n\n<li>Neue Entsch\u00e4digungsverordnung<br>Antrag:<br>Es wird in die Hauptsatzung eine Regelung aufgenommen, dass kein Verdienstausfall zu leisten ist, wenn Anhaltspunkte daf\u00fcr vorliegen, dass Fraktionssitzungen missbr\u00e4uchlich in Arbeitszeiten gelegt werden und daf\u00fcr die Zahlung von Verdienstausfall geltend gemacht wird.<\/li>\n\n\n\n<li>Gesch\u00e4ftsaufwendungen des B\u00fcrgermeisters<br>Antrag:<br>Die Mittel f\u00fcr Gesch\u00e4ftsaufwendungen des B\u00fcrgermeisters (Produkt 01.10.10 Teilposition 16) werden um 2.000 EUR abgesenkt.<\/li>\n\n\n\n<li>B\u00fcroausstattung Rathaus Sebastianusstra\u00dfe<br>Antrag:<br>Die vorgesehenen Mittel f\u00fcr die Ausstattung neuer B\u00fcros in der Sebastianusstra\u00dfe (Produkt<br>01.10.10 INV 10.123) werden um 125.000 EUR auf 50.000 EUR reduziert.<\/li>\n\n\n\n<li>Verpackungssteuer<br>Antrag:<br>Die Stadt Korschenbroich f\u00fchrt eine Verpackungssteuer nach Vorbild der Stadt T\u00fcbingen ein.<br><br>\n<ul class=\"wp-block-list\">\n<li>II. Anfragen<br>B-Plan Maarweg<br>In der Sitzung des Planungsausschusses am 17.08.2023 ist seitens der Stadt mitgeteilt worden, dass der B-Plan Nr. 10\/46. (Maarweg) nicht mehr im beschleunigten Verfahren nach \u00a7 13b<br>BauGB vorangetrieben wird. Es wurde ferner auf Nachfrage mitgeteilt, dass die bisher entstandenen Kosten vom Antragsteller zu tragen sind.<br>Wir bitten um Mitteilung, wie hoch diese Kosten sind und ob die Zahlung bereits erfolgt ist<br>bzw. wann die Geltendmachung und die Zahlung zu erwarten sind.<\/li>\n\n\n\n<li>Au\u00dfengel\u00e4nde Hallenbad \u201eFreibad\u201c:<br>Die (\u00fcberfl\u00fcssige) Neuerrichtung des Au\u00dfengel\u00e4ndes des Hallenbades war Gegenstand vielf\u00e4ltiger Diskussionen und Kritik. Da eine Ausschreibung zwischenzeitlich erfolgt ist, bitten<br>wir um Mitteilung des Ergebnisses der Ausschreibung. Wir bitten ferner um Mitteilung, in<br>welchem Umfang die Vorsteuer bei diesem Vorhaben geltend gemacht wird.<\/li>\n<\/ul>\n<\/li>\n<\/ol>\n","protected":false},"excerpt":{"rendered":"<p>Sitzung des Hauptausschusses am 14. November 2023: Die nachfolgenden Antr\u00e4ge und Anfragen zum Haushalt 2024 f\u00fcr die anstehenden Haushaltsberatungen werden von der Fraktion &#8222;Die Aktive&#8220; eingebracht. Themen sind:<\/p>\n","protected":false},"author":3,"featured_media":0,"comment_status":"open","ping_status":"open","sticky":false,"template":"","format":"standard","meta":{"footnotes":""},"categories":[3,6],"tags":[38],"class_list":["post-20916","post","type-post","status-publish","format-standard","hentry","category-ausschusse","category-hauptausschuss","tag-haushaltsberatungen"],"_links":{"self":[{"href":"https:\/\/die-aktive.de\/index.php?rest_route=\/wp\/v2\/posts\/20916","targetHints":{"allow":["GET"]}}],"collection":[{"href":"https:\/\/die-aktive.de\/index.php?rest_route=\/wp\/v2\/posts"}],"about":[{"href":"https:\/\/die-aktive.de\/index.php?rest_route=\/wp\/v2\/types\/post"}],"author":[{"embeddable":true,"href":"https:\/\/die-aktive.de\/index.php?rest_route=\/wp\/v2\/users\/3"}],"replies":[{"embeddable":true,"href":"https:\/\/die-aktive.de\/index.php?rest_route=%2Fwp%2Fv2%2Fcomments&post=20916"}],"version-history":[{"count":5,"href":"https:\/\/die-aktive.de\/index.php?rest_route=\/wp\/v2\/posts\/20916\/revisions"}],"predecessor-version":[{"id":20922,"href":"https:\/\/die-aktive.de\/index.php?rest_route=\/wp\/v2\/posts\/20916\/revisions\/20922"}],"wp:attachment":[{"href":"https:\/\/die-aktive.de\/index.php?rest_route=%2Fwp%2Fv2%2Fmedia&parent=20916"}],"wp:term":[{"taxonomy":"category","embeddable":true,"href":"https:\/\/die-aktive.de\/index.php?rest_route=%2Fwp%2Fv2%2Fcategories&post=20916"},{"taxonomy":"post_tag","embeddable":true,"href":"https:\/\/die-aktive.de\/index.php?rest_route=%2Fwp%2Fv2%2Ftags&post=20916"}],"curies":[{"name":"wp","href":"https:\/\/api.w.org\/{rel}","templated":true}]}}