{"id":20795,"date":"2022-12-29T12:15:55","date_gmt":"2022-12-29T11:15:55","guid":{"rendered":"http:\/\/blog.die-aktive.de\/?p=20795"},"modified":"2022-12-29T12:15:55","modified_gmt":"2022-12-29T11:15:55","slug":"grusswort-der-vorsitzenden-zum-jahreswechsel","status":"publish","type":"post","link":"https:\/\/die-aktive.de\/?p=20795","title":{"rendered":"Gru\u00dfwort der Vorsitzenden zum Jahreswechsel"},"content":{"rendered":"\n<p>Liebe Mitglieder und Freunde der Aktiven B\u00fcrger Gemeinschaft,<\/p>\n\n\n\n<p>was f\u00fcr ein Jahr neigt sich dem Ende !<\/p>\n\n\n\n<p>Weiterhin hat uns die Pandemie im Griff. Die Naturkatastrophen werden schlimmer.<\/p>\n\n\n\n<p>Dazu kommen noch weitere Themen, die keiner am Anfang des Jahres 2022 voraussagen konnte.<br>Da ist der v\u00f6lkerrechtswidrige Angriffskrieg auf die Ukraine.<br>In vielen L\u00e4ndern der Erde folgten Energiekrisen, Inflationen und Hungersn\u00f6te.<br>Der Klimawandel kommt bzw. ist schon da.<br>Auch im neuen Jahr werden uns die Auswirkungen dieser Krisen weiterhin begleiten.<\/p>\n\n\n\n<p>Nat\u00fcrlich stehen auch wieder Korschenbroicher Themen an.<br>So werden wir mit den Haushaltsberatungen f\u00fcr 2023 starten.<br>Die Fl\u00fcchtlingshilfe und -Unterbringung, zahlreiche Bebauungspl\u00e4ne,<br>aber auch andere Projekte wie &#8222;Gr\u00fcne D\u00e4cher&#8220;, Hundewiese oder Investitionen f\u00fcr Schulen<br>und viele weitere Themen werden uns besch\u00e4ftigen.<\/p>\n\n\n\n<p>Jetzt ist es aber Zeit f\u00fcr Besinnlichkeit, Zeit f\u00fcr Familie und Freunde,<br>das Jahr 2022 Revue passieren lassen und wieder nach vorne blicken.<\/p>\n\n\n\n<p>Ich w\u00fcnsche Ihnen &#8211; im Namen der Aktiven B\u00fcrger Gemeinschaft &#8211; sch\u00f6ne Feiertage und alles Gute f\u00fcr 2023!<\/p>\n\n\n\n<p><\/p>\n\n\n\n<p>Viele Gr\u00fc\u00dfe Gabi Parting<\/p>\n\n\n\n<p>&#8211; Vorsitzende Die Aktive &#8211;<\/p>\n","protected":false},"excerpt":{"rendered":"<p>Liebe Mitglieder und Freunde der Aktiven B\u00fcrger Gemeinschaft, was f\u00fcr ein Jahr neigt sich dem Ende ! Weiterhin hat uns die Pandemie im Griff. Die Naturkatastrophen werden schlimmer. Dazu kommen noch weitere Themen, die keiner am Anfang des Jahres 2022 voraussagen konnte.Da ist der v\u00f6lkerrechtswidrige Angriffskrieg auf die Ukraine.In vielen L\u00e4ndern der Erde folgten Energiekrisen, Inflationen und Hungersn\u00f6te.Der Klimawandel kommt bzw. ist schon da.Auch im neuen Jahr werden uns die Auswirkungen dieser Krisen weiterhin begleiten. [&#8230;]<\/p>\n","protected":false},"author":3,"featured_media":20794,"comment_status":"closed","ping_status":"closed","sticky":false,"template":"","format":"standard","meta":{"footnotes":""},"categories":[19],"tags":[],"class_list":["post-20795","post","type-post","status-publish","format-standard","has-post-thumbnail","hentry","category-die-aktive-informiert"],"_links":{"self":[{"href":"https:\/\/die-aktive.de\/index.php?rest_route=\/wp\/v2\/posts\/20795","targetHints":{"allow":["GET"]}}],"collection":[{"href":"https:\/\/die-aktive.de\/index.php?rest_route=\/wp\/v2\/posts"}],"about":[{"href":"https:\/\/die-aktive.de\/index.php?rest_route=\/wp\/v2\/types\/post"}],"author":[{"embeddable":true,"href":"https:\/\/die-aktive.de\/index.php?rest_route=\/wp\/v2\/users\/3"}],"replies":[{"embeddable":true,"href":"https:\/\/die-aktive.de\/index.php?rest_route=%2Fwp%2Fv2%2Fcomments&post=20795"}],"version-history":[{"count":0,"href":"https:\/\/die-aktive.de\/index.php?rest_route=\/wp\/v2\/posts\/20795\/revisions"}],"wp:featuredmedia":[{"embeddable":true,"href":"https:\/\/die-aktive.de\/index.php?rest_route=\/"}],"wp:attachment":[{"href":"https:\/\/die-aktive.de\/index.php?rest_route=%2Fwp%2Fv2%2Fmedia&parent=20795"}],"wp:term":[{"taxonomy":"category","embeddable":true,"href":"https:\/\/die-aktive.de\/index.php?rest_route=%2Fwp%2Fv2%2Fcategories&post=20795"},{"taxonomy":"post_tag","embeddable":true,"href":"https:\/\/die-aktive.de\/index.php?rest_route=%2Fwp%2Fv2%2Ftags&post=20795"}],"curies":[{"name":"wp","href":"https:\/\/api.w.org\/{rel}","templated":true}]}}