{"id":20590,"date":"2020-08-03T16:53:49","date_gmt":"2020-08-03T14:53:49","guid":{"rendered":"http:\/\/blog.die-aktive.de\/?p=20590"},"modified":"2020-08-03T16:53:49","modified_gmt":"2020-08-03T14:53:49","slug":"der-wahlkampf-beginnt","status":"publish","type":"post","link":"https:\/\/die-aktive.de\/?p=20590","title":{"rendered":"Der Wahlkampf beginnt"},"content":{"rendered":"\n<p>6 Wochen vor der Kommunalwahl startet der Wahlkampf sichtbar f\u00fcr alle B\u00fcrgerinnen und B\u00fcrger mit Plakaten im ganzen Stadtgebiet.<\/p>\n\n\n\n<p>Wir verwenden unsere &#8222;alten&#8220; DIN A1-Plakate erneut. Leider sind unsere Forderungen immer noch aktuell.<br>Ansonsten beschr\u00e4nken wir uns auf einige Gro\u00dfplakate und Schauk\u00e4sten.<\/p>\n\n\n\n<p>F\u00fcr weitere Infos wird demn\u00e4chst ein Flyer verteilt. Ebenso finden Sie Informationen zum Wahlprogramm auf dieser <a href=\"http:\/\/blog.die-aktive.de\/?page_id=20570\">Webseite <\/a><\/p>\n\n\n\n<div class=\"wp-block-image\"><figure class=\"aligncenter size-large\"><img decoding=\"async\" src=\"http:\/\/blog.die-aktive.de\/wp-content\/uploads\/2020\/08\/Gro\u00dfplakat-1024x1024.jpg\" alt=\"\" class=\"wp-image-20588\"\/><\/figure><\/div>\n\n\n\n<p>Wir hoffen auf einen fairen Wahlkampf. Auch wenn es beim Aufh\u00e4ngen der Plakate ruppige Mitbewerber gibt: <a rel=\"noreferrer noopener\" href=\"https:\/\/rp-epaper.s4p-iapps.com\/artikel\/975145\/17141461\" target=\"_blank\">RP vom 04.08.2020 <\/a><\/p>\n\n\n\n<p><\/p>\n","protected":false},"excerpt":{"rendered":"<p>6 Wochen vor der Kommunalwahl startet der Wahlkampf sichtbar f\u00fcr alle B\u00fcrgerinnen und B\u00fcrger mit Plakaten im ganzen Stadtgebiet. Wir verwenden unsere &#8222;alten&#8220; DIN A1-Plakate erneut. Leider sind unsere Forderungen immer noch aktuell.Ansonsten beschr\u00e4nken wir uns auf einige Gro\u00dfplakate und Schauk\u00e4sten. F\u00fcr weitere Infos wird demn\u00e4chst ein Flyer verteilt. Ebenso finden Sie Informationen zum Wahlprogramm auf dieser Webseite Wir hoffen auf einen fairen Wahlkampf. Auch wenn es beim Aufh\u00e4ngen der Plakate ruppige Mitbewerber gibt: RP [&#8230;]<\/p>\n","protected":false},"author":3,"featured_media":0,"comment_status":"closed","ping_status":"closed","sticky":false,"template":"","format":"standard","meta":{"footnotes":""},"categories":[24],"tags":[],"class_list":["post-20590","post","type-post","status-publish","format-standard","hentry","category-kommunalwahl-2020"],"_links":{"self":[{"href":"https:\/\/die-aktive.de\/index.php?rest_route=\/wp\/v2\/posts\/20590","targetHints":{"allow":["GET"]}}],"collection":[{"href":"https:\/\/die-aktive.de\/index.php?rest_route=\/wp\/v2\/posts"}],"about":[{"href":"https:\/\/die-aktive.de\/index.php?rest_route=\/wp\/v2\/types\/post"}],"author":[{"embeddable":true,"href":"https:\/\/die-aktive.de\/index.php?rest_route=\/wp\/v2\/users\/3"}],"replies":[{"embeddable":true,"href":"https:\/\/die-aktive.de\/index.php?rest_route=%2Fwp%2Fv2%2Fcomments&post=20590"}],"version-history":[{"count":0,"href":"https:\/\/die-aktive.de\/index.php?rest_route=\/wp\/v2\/posts\/20590\/revisions"}],"wp:attachment":[{"href":"https:\/\/die-aktive.de\/index.php?rest_route=%2Fwp%2Fv2%2Fmedia&parent=20590"}],"wp:term":[{"taxonomy":"category","embeddable":true,"href":"https:\/\/die-aktive.de\/index.php?rest_route=%2Fwp%2Fv2%2Fcategories&post=20590"},{"taxonomy":"post_tag","embeddable":true,"href":"https:\/\/die-aktive.de\/index.php?rest_route=%2Fwp%2Fv2%2Ftags&post=20590"}],"curies":[{"name":"wp","href":"https:\/\/api.w.org\/{rel}","templated":true}]}}