{"id":20519,"date":"2020-07-04T17:47:24","date_gmt":"2020-07-04T15:47:24","guid":{"rendered":"http:\/\/blog.die-aktive.de\/?p=20519"},"modified":"2020-07-04T17:47:24","modified_gmt":"2020-07-04T15:47:24","slug":"schaukasten-am-bahnhof-kleinenbroich-erneuert","status":"publish","type":"post","link":"https:\/\/die-aktive.de\/?p=20519","title":{"rendered":"Schaukasten am Bahnhof Kleinenbroich erneuert"},"content":{"rendered":"\n<figure class=\"wp-block-image size-large\"><img decoding=\"async\" src=\"http:\/\/blog.die-aktive.de\/wp-content\/uploads\/2020\/07\/Schaukasten-Bahnhof-neu-1024x768.jpeg\" alt=\"\" class=\"wp-image-20520\"\/><\/figure>\n\n\n\n<p>Der Schaukasten am Kleinenbroicher Bahnhof war seit einiger Zeit kaputt und in einem desolaten Zustand.<\/p>\n\n\n\n<p>Jetzt wurde an dieser Stelle ein neuer Schaukasten errichtet.<br>Nun muss er noch mit Inhalt gef\u00fcllt werden, dann ist auch an dieser Stelle die B\u00fcrger*innen -Information wieder gew\u00e4hrleistet.<\/p>\n","protected":false},"excerpt":{"rendered":"<p>Der Schaukasten am Kleinenbroicher Bahnhof war seit einiger Zeit kaputt und in einem desolaten Zustand. Jetzt wurde an dieser Stelle ein neuer Schaukasten errichtet.Nun muss er noch mit Inhalt gef\u00fcllt werden, dann ist auch an dieser Stelle die B\u00fcrger*innen -Information wieder gew\u00e4hrleistet.<\/p>\n","protected":false},"author":3,"featured_media":0,"comment_status":"closed","ping_status":"closed","sticky":false,"template":"","format":"standard","meta":{"footnotes":""},"categories":[19,24],"tags":[],"class_list":["post-20519","post","type-post","status-publish","format-standard","hentry","category-die-aktive-informiert","category-kommunalwahl-2020"],"_links":{"self":[{"href":"https:\/\/die-aktive.de\/index.php?rest_route=\/wp\/v2\/posts\/20519","targetHints":{"allow":["GET"]}}],"collection":[{"href":"https:\/\/die-aktive.de\/index.php?rest_route=\/wp\/v2\/posts"}],"about":[{"href":"https:\/\/die-aktive.de\/index.php?rest_route=\/wp\/v2\/types\/post"}],"author":[{"embeddable":true,"href":"https:\/\/die-aktive.de\/index.php?rest_route=\/wp\/v2\/users\/3"}],"replies":[{"embeddable":true,"href":"https:\/\/die-aktive.de\/index.php?rest_route=%2Fwp%2Fv2%2Fcomments&post=20519"}],"version-history":[{"count":0,"href":"https:\/\/die-aktive.de\/index.php?rest_route=\/wp\/v2\/posts\/20519\/revisions"}],"wp:attachment":[{"href":"https:\/\/die-aktive.de\/index.php?rest_route=%2Fwp%2Fv2%2Fmedia&parent=20519"}],"wp:term":[{"taxonomy":"category","embeddable":true,"href":"https:\/\/die-aktive.de\/index.php?rest_route=%2Fwp%2Fv2%2Fcategories&post=20519"},{"taxonomy":"post_tag","embeddable":true,"href":"https:\/\/die-aktive.de\/index.php?rest_route=%2Fwp%2Fv2%2Ftags&post=20519"}],"curies":[{"name":"wp","href":"https:\/\/api.w.org\/{rel}","templated":true}]}}