{"id":20490,"date":"2020-06-10T11:29:10","date_gmt":"2020-06-10T09:29:10","guid":{"rendered":"http:\/\/blog.die-aktive.de\/?p=20490"},"modified":"2020-06-10T11:29:10","modified_gmt":"2020-06-10T09:29:10","slug":"antrag-zur-sitzung-des-hauptausschusses-anstelle-stadtrat-am-25-juni-2020-fortfuehrung-der-massnahmen-zur-kappung-der-grundwasserspitzen","status":"publish","type":"post","link":"https:\/\/die-aktive.de\/?p=20490","title":{"rendered":"Antrag zur Sitzung des Hauptausschusses (anstelle Stadtrat) am 25. Juni 2020 &#8222;Fortf\u00fchrung der Ma\u00dfnahmen zur Kappung der Grundwasserspitzen&#8220;"},"content":{"rendered":"\n<p><strong><u>Antrag:<\/u><\/strong><\/p>\n\n\n\n<p>Die Verwaltung wird beauftragt zur n\u00e4chsten Sitzung des Ausschusses f\u00fcr Grundwasser, Umwelt, Energie und Klimaschutz (voraussichtlich am 1. September 2020) einen mit dem Erftverband abgestimmten Zeitplan f\u00fcr die Fortf\u00fchrung der Ma\u00dfnahmen zur Kappung der Grundwasserspitzen vorzulegen.<\/p>\n\n\n\n<p>Die Verwaltung wird ferner beauftragt, mit dem Erftverband bis zu der n\u00e4chsten Sitzung des Ausschusses f\u00fcr Grundwasser, Umwelt, Energie und Klimaschutz die H\u00f6he der j\u00e4hrlich ab dem Jahr 2021 umzulegenden Kosten der Grundwasserkappungsma\u00dfnahmen zu ermitteln und dieses zusammen mit dem Zeitplan in der Sitzung vorzustellen.<\/p>\n\n\n\n<p><strong><u>Begr\u00fcndung:<\/u><\/strong><\/p>\n\n\n\n<p>Die im Jahr 2011 abgeschlossenen Vertr\u00e4ge f\u00fcr die Grundwasserkappungsma\u00dfnahmen in den Ortsteilen Herrenshoff, Raderbroich, Pesch und Kleinenbroich laufen nach 10 Jahren im Jahr 2021 aus.<\/p>\n\n\n\n<!--more-->\n\n\n\n<p>Offen ist derzeit, ob und wie diese Ma\u00dfnahmen fortgesetzt werden, was im Wesentlichen daran liegt, dass f\u00fcr die Jahre 2021 ff. die Finanzierung zu kl\u00e4ren ist.<\/p>\n\n\n\n<p>Nach unserer Auffassung ist es Ziel, diese Ma\u00dfnahmen auch nach dem Jahr 2021 fortzuf\u00fchren und ggf. sogar auszuweiten, da in den genannten Ortsteilen unver\u00e4ndert f\u00fcr zahlreiche Geb\u00e4ude eine Gefahr durch den Wiederanstieg des Grundwassers besteht. F\u00fcr die Zukunft ist es auch denkbar, die Ma\u00dfnahme auf weitere betroffene Ortsteile wie z.B. Glehn und Steinhausen auszuweiten.<\/p>\n\n\n\n<p>Die Erfahrung der letzten Jahre hat aber auch gezeigt, dass die Kosten der Ma\u00dfnahmen \u2013 bedingt durch die relative Trockenheit \u2013 deutlich geringer waren, als urspr\u00fcnglich veranschlagt.&nbsp; Zudem ist vom Erftverband geplant, \u00dcbersch\u00fcsse der Jahre 2011-2021 in der Zukunft (also ab 2021) kostensenkend einzusetzen.<\/p>\n\n\n\n<p>Bester Vorschlag ist daher nach unserer Auffassung, diese Ma\u00dfnahmen ab dem Jahr 2021 vollst\u00e4ndig aus dem st\u00e4dtischen und dem Kreis-Haushalt zu finanzieren. Dieser Vorschlag wird in den Haushaltsberatungen f\u00fcr das Jahr 2021 zu beraten und zu entscheiden sein. Erforderlich ist hierf\u00fcr eine valide Kostensch\u00e4tzung durch den Erftverband.<\/p>\n\n\n\n<p>Falls es f\u00fcr eine Finanzierung aus dem st\u00e4dtischen Haushalt keine Mehrheit gibt, ist die einzige Alternative eine Fortf\u00fchrung der Vertr\u00e4ge mit der B\u00fcrgerschaft. Um die erforderlichen j\u00e4hrliche Summe aufzubringen, ist erneut eine gro\u00dfe Beteiligung aus der B\u00fcrgerschaft erforderlich. Der Erfahrung aus den Jahren 2010\/2011 hat gezeigt, dass f\u00fcr die Gewinnung der notwendigen Zahl von zahlenden B\u00fcrgerinnen und B\u00fcrgern ein langer Zeitraum erforderlich ist.<\/p>\n\n\n\n<p>Deswegen ist es erforderlich, bereits jetzt einen Kosten- und Zeitplan mit dem Erftverband abzustimmen, damit rechtzeitig eine tragf\u00e4hige Finanzierung erarbeitet werden kann.<\/p>\n","protected":false},"excerpt":{"rendered":"<p>Antrag: Die Verwaltung wird beauftragt zur n\u00e4chsten Sitzung des Ausschusses f\u00fcr Grundwasser, Umwelt, Energie und Klimaschutz (voraussichtlich am 1. September 2020) einen mit dem Erftverband abgestimmten Zeitplan f\u00fcr die Fortf\u00fchrung der Ma\u00dfnahmen zur Kappung der Grundwasserspitzen vorzulegen. Die Verwaltung wird ferner beauftragt, mit dem Erftverband bis zu der n\u00e4chsten Sitzung des Ausschusses f\u00fcr Grundwasser, Umwelt, Energie und Klimaschutz die H\u00f6he der j\u00e4hrlich ab dem Jahr 2021 umzulegenden Kosten der Grundwasserkappungsma\u00dfnahmen zu ermitteln und dieses zusammen [&#8230;]<\/p>\n","protected":false},"author":3,"featured_media":0,"comment_status":"closed","ping_status":"closed","sticky":false,"template":"","format":"standard","meta":{"footnotes":""},"categories":[3,6],"tags":[],"class_list":["post-20490","post","type-post","status-publish","format-standard","hentry","category-ausschusse","category-hauptausschuss"],"_links":{"self":[{"href":"https:\/\/die-aktive.de\/index.php?rest_route=\/wp\/v2\/posts\/20490","targetHints":{"allow":["GET"]}}],"collection":[{"href":"https:\/\/die-aktive.de\/index.php?rest_route=\/wp\/v2\/posts"}],"about":[{"href":"https:\/\/die-aktive.de\/index.php?rest_route=\/wp\/v2\/types\/post"}],"author":[{"embeddable":true,"href":"https:\/\/die-aktive.de\/index.php?rest_route=\/wp\/v2\/users\/3"}],"replies":[{"embeddable":true,"href":"https:\/\/die-aktive.de\/index.php?rest_route=%2Fwp%2Fv2%2Fcomments&post=20490"}],"version-history":[{"count":0,"href":"https:\/\/die-aktive.de\/index.php?rest_route=\/wp\/v2\/posts\/20490\/revisions"}],"wp:attachment":[{"href":"https:\/\/die-aktive.de\/index.php?rest_route=%2Fwp%2Fv2%2Fmedia&parent=20490"}],"wp:term":[{"taxonomy":"category","embeddable":true,"href":"https:\/\/die-aktive.de\/index.php?rest_route=%2Fwp%2Fv2%2Fcategories&post=20490"},{"taxonomy":"post_tag","embeddable":true,"href":"https:\/\/die-aktive.de\/index.php?rest_route=%2Fwp%2Fv2%2Ftags&post=20490"}],"curies":[{"name":"wp","href":"https:\/\/api.w.org\/{rel}","templated":true}]}}