{"id":20479,"date":"2020-06-06T11:28:15","date_gmt":"2020-06-06T09:28:15","guid":{"rendered":"http:\/\/blog.die-aktive.de\/?p=20479"},"modified":"2020-06-06T11:28:15","modified_gmt":"2020-06-06T09:28:15","slug":"aufstellungsversammlung-zur-kommunalwahl-2020","status":"publish","type":"post","link":"https:\/\/die-aktive.de\/?p=20479","title":{"rendered":"Aufstellungsversammlung zur Kommunalwahl 2020"},"content":{"rendered":"\n<div class=\"wp-block-image\"><figure class=\"aligncenter size-large is-resized\"><img loading=\"lazy\" decoding=\"async\" src=\"http:\/\/blog.die-aktive.de\/wp-content\/uploads\/2020\/06\/Aufstellungsversammlung-1024x768.jpeg\" alt=\"\" class=\"wp-image-20486\" width=\"493\" height=\"370\"\/><\/figure><\/div>\n\n\n\n<p>Am 05.06.2020 trafen sich die Mitglieder der Aktiven B\u00fcrger Gemeinschaft zur Aufstellungsversammlung im Forum der Realschule Kleinenbroich. Dieser Ort wurde gew\u00e4hlt, weil hier ausreichend Platz vorhanden ist, um die Corona-Abstandsregeln einzuhalten. Auch sonst stand die Versammlung im Zeichen der Corona-Schutzma\u00dfnahmen.<\/p>\n\n\n\n<p>Die Vorsitzende Gabi Parting konnte 24 wahlberechtigte Mitglieder begr\u00fc\u00dfen. Damit war die Versammlung beschlussf\u00e4hig.<br>Gabi Parting gab zun\u00e4chst einen kurzen Ausblick auf den nun anstehenden Wahlkampf und erl\u00e4uterte das Programm f\u00fcr die Wahl 2020.<br>Im Fokus stehen z.B. die Verl\u00e4ngerung der Grundwasservertr\u00e4ge 2021 und der Klimaschutz.<\/p>\n\n\n\n<!--more-->\n\n\n\n<p>Dann erfolgte die Wahl des Schriftf\u00fchrers (Peter Schneeberger), der Stimmz\u00e4hlkommission (Nadine Wagner und Eberhard B\u00f6hm) sowie der Unterzeichnern der eidesstattlichen Erkl\u00e4rung (Jutta Goebel und Eberhard B\u00f6hm)<\/p>\n\n\n\n<p>Die Wahl der Berwerberinnen und Bewerber f\u00fcr die Stadt Korschenbroich (Direktkandidaten und Reserveliste) sowie f\u00fcr den Rhein Kreis Neuss (Direktkandidaten und Reseerveliste) konnte en bloc abgehalten werden. Die Wahl erfolgte geheim.<br>Alle Wahlg\u00e4nge erzielten ein einstimmiges Ergebniss von 24 Ja-Stimmen.<br>Eine tolle Best\u00e4tigung f\u00fcr die bisherige Arbeit der <em>Aktive<\/em> sowie ein gro\u00dfartiger Vertrauensbeweis und Ansporn f\u00fcr die zuk\u00fcnftigen Aufgaben.<\/p>\n\n\n\n<p>Herzlichen Dank an alle, die sich engagieren und einen herzlichen Gl\u00fcckwunsch zum hervorragenden Wahlergebnis!<br><\/p>\n\n\n\n<figure class=\"wp-block-image size-large\"><img decoding=\"async\" src=\"http:\/\/blog.die-aktive.de\/wp-content\/uploads\/2020\/06\/Direktkandidaten-Stadt.jpg\" alt=\"\" class=\"wp-image-20476\"\/><figcaption>Direktkandidaten Stadtrat<\/figcaption><\/figure>\n\n\n\n<figure class=\"wp-block-image size-large\"><img decoding=\"async\" src=\"http:\/\/blog.die-aktive.de\/wp-content\/uploads\/2020\/06\/Reserveliste-Stadt.jpg\" alt=\"\" class=\"wp-image-20478\"\/><figcaption>Reserveliste Stadtrat<\/figcaption><\/figure>\n\n\n\n<figure class=\"wp-block-image size-large\"><img decoding=\"async\" src=\"http:\/\/blog.die-aktive.de\/wp-content\/uploads\/2020\/06\/Reserveliste-Kreis.jpg\" alt=\"\" class=\"wp-image-20477\"\/><figcaption>Reserveliste Kreistag<\/figcaption><\/figure>\n\n\n\n<figure class=\"wp-block-image size-large\"><img decoding=\"async\" src=\"http:\/\/blog.die-aktive.de\/wp-content\/uploads\/2020\/06\/Direktkandidaten-Kreis.jpg\" alt=\"\" class=\"wp-image-20475\"\/><figcaption>Direktkandidaten Kreistag<\/figcaption><\/figure>\n","protected":false},"excerpt":{"rendered":"<p>Am 05.06.2020 trafen sich die Mitglieder der Aktiven B\u00fcrger Gemeinschaft zur Aufstellungsversammlung im Forum der Realschule Kleinenbroich. Dieser Ort wurde gew\u00e4hlt, weil hier ausreichend Platz vorhanden ist, um die Corona-Abstandsregeln einzuhalten. Auch sonst stand die Versammlung im Zeichen der Corona-Schutzma\u00dfnahmen. Die Vorsitzende Gabi Parting konnte 24 wahlberechtigte Mitglieder begr\u00fc\u00dfen. Damit war die Versammlung beschlussf\u00e4hig.Gabi Parting gab zun\u00e4chst einen kurzen Ausblick auf den nun anstehenden Wahlkampf und erl\u00e4uterte das Programm f\u00fcr die Wahl 2020.Im Fokus stehen [&#8230;]<\/p>\n","protected":false},"author":3,"featured_media":0,"comment_status":"closed","ping_status":"closed","sticky":false,"template":"","format":"standard","meta":{"footnotes":""},"categories":[24],"tags":[],"class_list":["post-20479","post","type-post","status-publish","format-standard","hentry","category-kommunalwahl-2020"],"_links":{"self":[{"href":"https:\/\/die-aktive.de\/index.php?rest_route=\/wp\/v2\/posts\/20479","targetHints":{"allow":["GET"]}}],"collection":[{"href":"https:\/\/die-aktive.de\/index.php?rest_route=\/wp\/v2\/posts"}],"about":[{"href":"https:\/\/die-aktive.de\/index.php?rest_route=\/wp\/v2\/types\/post"}],"author":[{"embeddable":true,"href":"https:\/\/die-aktive.de\/index.php?rest_route=\/wp\/v2\/users\/3"}],"replies":[{"embeddable":true,"href":"https:\/\/die-aktive.de\/index.php?rest_route=%2Fwp%2Fv2%2Fcomments&post=20479"}],"version-history":[{"count":0,"href":"https:\/\/die-aktive.de\/index.php?rest_route=\/wp\/v2\/posts\/20479\/revisions"}],"wp:attachment":[{"href":"https:\/\/die-aktive.de\/index.php?rest_route=%2Fwp%2Fv2%2Fmedia&parent=20479"}],"wp:term":[{"taxonomy":"category","embeddable":true,"href":"https:\/\/die-aktive.de\/index.php?rest_route=%2Fwp%2Fv2%2Fcategories&post=20479"},{"taxonomy":"post_tag","embeddable":true,"href":"https:\/\/die-aktive.de\/index.php?rest_route=%2Fwp%2Fv2%2Ftags&post=20479"}],"curies":[{"name":"wp","href":"https:\/\/api.w.org\/{rel}","templated":true}]}}