{"id":20471,"date":"2020-05-13T16:28:26","date_gmt":"2020-05-13T14:28:26","guid":{"rendered":"http:\/\/blog.die-aktive.de\/?p=20471"},"modified":"2020-05-13T16:28:26","modified_gmt":"2020-05-13T14:28:26","slug":"flughafenerweiterung-verhindern","status":"publish","type":"post","link":"https:\/\/die-aktive.de\/?p=20471","title":{"rendered":"Flughafenerweiterung verhindern"},"content":{"rendered":"\n<p>Um mehr Flugbewegungen und eine flexiblere Nutzung der Landebahnen am D\u00fcsseldorfer Flughafen geht es in einem Antrag zur Kapazit\u00e4tserweiterung der Betreibergesellschaft. Es drohen zuk\u00fcnftig bis zu 25 Prozent mehr Flugbewegungen als in der Zeit vor der Pandemie \u2013 und verbunden damit deutlich h\u00f6here L\u00e4rm- und Umweltbelastungen.<br>Zum Verfahren wird seit letzter Woche die \u00d6ffentlichkeit beteiligt, entsprechende Unterlagen k\u00f6nnen im Korschenbroicher Rathaus eingesehen werden.<br>Die Sinnhaftigkeit des Verfahrens wie auch dessen Ziele \u2013 gerade in Zeiten von Corona \u2013 stellen nicht nur wir seit langem, sondern u.a. auch der Verein \u201eB\u00fcrger gegen Abgase und Flugl\u00e4rm in Korschenbroich\u201c (BAF) in Frage.<\/p>\n\n\n\n<!--more-->\n\n\n\n<p>Dazu hat die BAF in diesen Tagen Flyer in allen Korschenbroicher Ortsteilen verteilt und ruft dazu auf, mittels vorbereiteter Formulare Einwendungen gegen den Antrag einzureichen. Je mehr B\u00fcrger sich aktiv gegen die Pl\u00e4ne der Betreibergesellschaft aussprechen, desto gr\u00f6\u00dfer wird der Druck auf das NRW-Verkehrsministerium, dem Antrag nicht stattzugeben.<\/p>\n\n\n\n<p>Unter folgendem Link k\u00f6nnen sowohl das Formular einer Mustereinwendung wie auch weitere Informationsmaterialien heruntergeladen werden:<br><a href=\"https:\/\/baf-kb.jimdofree.com\/\" target=\"_blank\" rel=\"noreferrer noopener\"><strong>Internetseite BAF Korschenbroich<\/strong><\/a><\/p>\n","protected":false},"excerpt":{"rendered":"<p>Um mehr Flugbewegungen und eine flexiblere Nutzung der Landebahnen am D\u00fcsseldorfer Flughafen geht es in einem Antrag zur Kapazit\u00e4tserweiterung der Betreibergesellschaft. Es drohen zuk\u00fcnftig bis zu 25 Prozent mehr Flugbewegungen als in der Zeit vor der Pandemie \u2013 und verbunden damit deutlich h\u00f6here L\u00e4rm- und Umweltbelastungen.Zum Verfahren wird seit letzter Woche die \u00d6ffentlichkeit beteiligt, entsprechende Unterlagen k\u00f6nnen im Korschenbroicher Rathaus eingesehen werden.Die Sinnhaftigkeit des Verfahrens wie auch dessen Ziele \u2013 gerade in Zeiten von Corona [&#8230;]<\/p>\n","protected":false},"author":3,"featured_media":0,"comment_status":"closed","ping_status":"closed","sticky":false,"template":"","format":"standard","meta":{"footnotes":""},"categories":[21],"tags":[],"class_list":["post-20471","post","type-post","status-publish","format-standard","hentry","category-weitere-themen"],"_links":{"self":[{"href":"https:\/\/die-aktive.de\/index.php?rest_route=\/wp\/v2\/posts\/20471","targetHints":{"allow":["GET"]}}],"collection":[{"href":"https:\/\/die-aktive.de\/index.php?rest_route=\/wp\/v2\/posts"}],"about":[{"href":"https:\/\/die-aktive.de\/index.php?rest_route=\/wp\/v2\/types\/post"}],"author":[{"embeddable":true,"href":"https:\/\/die-aktive.de\/index.php?rest_route=\/wp\/v2\/users\/3"}],"replies":[{"embeddable":true,"href":"https:\/\/die-aktive.de\/index.php?rest_route=%2Fwp%2Fv2%2Fcomments&post=20471"}],"version-history":[{"count":0,"href":"https:\/\/die-aktive.de\/index.php?rest_route=\/wp\/v2\/posts\/20471\/revisions"}],"wp:attachment":[{"href":"https:\/\/die-aktive.de\/index.php?rest_route=%2Fwp%2Fv2%2Fmedia&parent=20471"}],"wp:term":[{"taxonomy":"category","embeddable":true,"href":"https:\/\/die-aktive.de\/index.php?rest_route=%2Fwp%2Fv2%2Fcategories&post=20471"},{"taxonomy":"post_tag","embeddable":true,"href":"https:\/\/die-aktive.de\/index.php?rest_route=%2Fwp%2Fv2%2Ftags&post=20471"}],"curies":[{"name":"wp","href":"https:\/\/api.w.org\/{rel}","templated":true}]}}