{"id":20448,"date":"2020-04-29T15:56:38","date_gmt":"2020-04-29T13:56:38","guid":{"rendered":"http:\/\/blog.die-aktive.de\/?p=20448"},"modified":"2020-04-29T15:56:38","modified_gmt":"2020-04-29T13:56:38","slug":"antrag-entlastung-der-gastronomie-in-korschenbroich","status":"publish","type":"post","link":"https:\/\/die-aktive.de\/?p=20448","title":{"rendered":"Antrag: Entlastung der Gastronomie in Korschenbroich"},"content":{"rendered":"\n<p><strong>Sitzung des Hauptausschusses am 14. Mai 2020<\/strong><\/p>\n\n\n\n<p><strong>Entlastung der Gastronomie in Korschenbroich<\/strong><\/p>\n\n\n\n<div class=\"wp-block-file\"><a href=\"http:\/\/blog.die-aktive.de\/wp-content\/uploads\/2020\/05\/NGZonline-vom-04.05.2020.pdf\">NGZonline vom 04.05.2020<\/a><a href=\"http:\/\/blog.die-aktive.de\/wp-content\/uploads\/2020\/05\/NGZonline-vom-04.05.2020.pdf\" class=\"wp-block-file__button\" download>Herunterladen<\/a><\/div>\n\n\n\n<p><strong><u>Antrag:<\/u><\/strong><\/p>\n\n\n\n<p>Der Hauptausschuss beschlie\u00dft anstelle des Stadtrates, dass f\u00fcr das Jahr 2020 die Geb\u00fchren nach Nr. 5b der Sondernutzungssatzung der Stadt Korschenbroich \u2013Geb\u00fchrentarif \u2013 nicht erhoben werden. Bereits gezahlte Geb\u00fchren f\u00fcr das Jahr 2020 werden erstattet.<\/p>\n\n\n\n<!--more-->\n\n\n\n<p><strong><u>Begr\u00fcndung:<\/u><\/strong><\/p>\n\n\n\n<p>Die Gastronomie ist von der Corona-Krise besonders stark betroffen, da sie in den letzten Wochen praktisch keine Einnahmen hatte und auch in den kommenden Wochen und Monaten aufgrund der Kontaktbeschr\u00e4nkungen mit deutlich reduzierten Einnahmen zu rechnen ist.<\/p>\n\n\n\n<p>Es besteht jedoch ein gro\u00dfes Interesse, dass die gastronomischen Betriebe in Korschenbroich erhalten bleiben. Eine der m\u00f6glichen Stellschrauben f\u00fcr eine Entlastung ist die Sondernutzungssatzung.<\/p>\n\n\n\n<p>Nach Nr. 5b des Geb\u00fchrentarifes haben Gastronomiebetriebe, soweit sie f\u00fcr ihre Au\u00dfengastronomie \u00f6ffentliche Fl\u00e4chen nutzen, f\u00fcr das Aufstellen von Tischen und Sitzgelegenheiten 2,00 EUR je qm und Monat zu zahlen. Dies sollte ausgesetzt werden.<\/p>\n\n\n\n<p>F\u00fcr diese Ausnahme ist eine Entscheidung des Rates erforderlich.<\/p>\n\n\n\n<p>Mit freundlichen Gr\u00fc\u00dfen<\/p>\n\n\n\n<p>Hanns-Lothar Endell<\/p>\n\n\n\n<p>(Fraktionsvorsitzender)<\/p>\n","protected":false},"excerpt":{"rendered":"<p>Sitzung des Hauptausschusses am 14. Mai 2020 Entlastung der Gastronomie in Korschenbroich Antrag: Der Hauptausschuss beschlie\u00dft anstelle des Stadtrates, dass f\u00fcr das Jahr 2020 die Geb\u00fchren nach Nr. 5b der Sondernutzungssatzung der Stadt Korschenbroich \u2013Geb\u00fchrentarif \u2013 nicht erhoben werden. Bereits gezahlte Geb\u00fchren f\u00fcr das Jahr 2020 werden erstattet.<\/p>\n","protected":false},"author":3,"featured_media":0,"comment_status":"closed","ping_status":"closed","sticky":false,"template":"","format":"standard","meta":{"footnotes":""},"categories":[3,6],"tags":[],"class_list":["post-20448","post","type-post","status-publish","format-standard","hentry","category-ausschusse","category-hauptausschuss"],"_links":{"self":[{"href":"https:\/\/die-aktive.de\/index.php?rest_route=\/wp\/v2\/posts\/20448","targetHints":{"allow":["GET"]}}],"collection":[{"href":"https:\/\/die-aktive.de\/index.php?rest_route=\/wp\/v2\/posts"}],"about":[{"href":"https:\/\/die-aktive.de\/index.php?rest_route=\/wp\/v2\/types\/post"}],"author":[{"embeddable":true,"href":"https:\/\/die-aktive.de\/index.php?rest_route=\/wp\/v2\/users\/3"}],"replies":[{"embeddable":true,"href":"https:\/\/die-aktive.de\/index.php?rest_route=%2Fwp%2Fv2%2Fcomments&post=20448"}],"version-history":[{"count":0,"href":"https:\/\/die-aktive.de\/index.php?rest_route=\/wp\/v2\/posts\/20448\/revisions"}],"wp:attachment":[{"href":"https:\/\/die-aktive.de\/index.php?rest_route=%2Fwp%2Fv2%2Fmedia&parent=20448"}],"wp:term":[{"taxonomy":"category","embeddable":true,"href":"https:\/\/die-aktive.de\/index.php?rest_route=%2Fwp%2Fv2%2Fcategories&post=20448"},{"taxonomy":"post_tag","embeddable":true,"href":"https:\/\/die-aktive.de\/index.php?rest_route=%2Fwp%2Fv2%2Ftags&post=20448"}],"curies":[{"name":"wp","href":"https:\/\/api.w.org\/{rel}","templated":true}]}}