{"id":20353,"date":"2018-09-13T14:38:16","date_gmt":"2018-09-13T12:38:16","guid":{"rendered":"http:\/\/blog.die-aktive.de\/?p=20353"},"modified":"2018-09-13T14:38:16","modified_gmt":"2018-09-13T12:38:16","slug":"einladung-zur-infoveranstaltung","status":"publish","type":"post","link":"https:\/\/die-aktive.de\/?p=20353","title":{"rendered":"Einladung zur Infoveranstaltung"},"content":{"rendered":"<p style=\"text-align: center;\"><strong><em>Die Aktive<\/em> informiert&#8230;<\/strong>.<\/p>\n<p style=\"text-align: center;\">am Freitag, den 12.10.2018 um 19:00 Uhr<br \/>\nin der Gesch\u00e4ftsstelle der Aktiven B\u00fcrger Gemeinschaft<br \/>\nHannengasse 17 in Korschenbroich<\/p>\n<p style=\"text-align: center;\">zum Thema<br \/>\n<strong>Sanierung der Unterf\u00fchrung Holzkamp<\/strong><br \/>\n<strong>in Kleinenbroich.<\/strong><br \/>\nWie sieht die Planung aus?<br \/>\nWelsche Auswirkungen hat die zweitweise Sperrung?<\/p>\n<p style=\"text-align: center;\">Referent: Georg Onkelbach, Beigeordneter der Stadt Korschenbroich<\/p>\n<p style=\"text-align: center;\">Alle B\u00fcrgerinnen und B\u00fcrger sind herzlich eingeladen!<\/p>\n<p style=\"text-align: center;\">Im Anschluss l\u00e4dt <em><strong>Die Aktive<\/strong> <\/em>zu einem kleinen Imbiss ein!<\/p>\n<p>&nbsp;<\/p>\n","protected":false},"excerpt":{"rendered":"<p>Die Aktive informiert&#8230;. am Freitag, den 12.10.2018 um 19:00 Uhr in der Gesch\u00e4ftsstelle der Aktiven B\u00fcrger Gemeinschaft Hannengasse 17 in Korschenbroich zum Thema Sanierung der Unterf\u00fchrung Holzkamp in Kleinenbroich. Wie sieht die Planung aus? Welsche Auswirkungen hat die zweitweise Sperrung? Referent: Georg Onkelbach, Beigeordneter der Stadt Korschenbroich Alle B\u00fcrgerinnen und B\u00fcrger sind herzlich eingeladen! Im Anschluss l\u00e4dt Die Aktive zu einem kleinen Imbiss ein! &nbsp;<\/p>\n","protected":false},"author":3,"featured_media":0,"comment_status":"closed","ping_status":"closed","sticky":false,"template":"","format":"standard","meta":{"footnotes":""},"categories":[19],"tags":[],"class_list":["post-20353","post","type-post","status-publish","format-standard","hentry","category-die-aktive-informiert"],"_links":{"self":[{"href":"https:\/\/die-aktive.de\/index.php?rest_route=\/wp\/v2\/posts\/20353","targetHints":{"allow":["GET"]}}],"collection":[{"href":"https:\/\/die-aktive.de\/index.php?rest_route=\/wp\/v2\/posts"}],"about":[{"href":"https:\/\/die-aktive.de\/index.php?rest_route=\/wp\/v2\/types\/post"}],"author":[{"embeddable":true,"href":"https:\/\/die-aktive.de\/index.php?rest_route=\/wp\/v2\/users\/3"}],"replies":[{"embeddable":true,"href":"https:\/\/die-aktive.de\/index.php?rest_route=%2Fwp%2Fv2%2Fcomments&post=20353"}],"version-history":[{"count":0,"href":"https:\/\/die-aktive.de\/index.php?rest_route=\/wp\/v2\/posts\/20353\/revisions"}],"wp:attachment":[{"href":"https:\/\/die-aktive.de\/index.php?rest_route=%2Fwp%2Fv2%2Fmedia&parent=20353"}],"wp:term":[{"taxonomy":"category","embeddable":true,"href":"https:\/\/die-aktive.de\/index.php?rest_route=%2Fwp%2Fv2%2Fcategories&post=20353"},{"taxonomy":"post_tag","embeddable":true,"href":"https:\/\/die-aktive.de\/index.php?rest_route=%2Fwp%2Fv2%2Ftags&post=20353"}],"curies":[{"name":"wp","href":"https:\/\/api.w.org\/{rel}","templated":true}]}}