{"id":20267,"date":"2017-09-20T18:15:22","date_gmt":"2017-09-20T16:15:22","guid":{"rendered":"http:\/\/blog.die-aktive.de\/?p=20267"},"modified":"2017-09-20T18:15:22","modified_gmt":"2017-09-20T16:15:22","slug":"einladung-zur-mitgliederversammlung-mit-herbstfest","status":"publish","type":"post","link":"https:\/\/die-aktive.de\/?p=20267","title":{"rendered":"Einladung zur Mitgliederversammlung mit Herbstfest"},"content":{"rendered":"<p>Liebe Mitglieder,<\/p>\n<p style=\"text-align: center;\">am 13.Oktober um 18:00 Uhr findet die diesj\u00e4hrige<br \/>\nMitgliederversammlung<br \/>\nim Alten Bahnhof Kleinenbroich statt.<\/p>\n<p>Anschlie\u00dfend laden wir zum gem\u00fctlichen Teil und angeregten Gespr\u00e4chen ein.<br \/>\nF\u00fcr leckere Schmankerl und erfrischende Getr\u00e4nke ist bestens gesorgt.<\/p>\n<p>Wir freuen uns auf Sie!<br \/>\n<img loading=\"lazy\" decoding=\"async\" class=\"alignright size-full wp-image-20269\" src=\"http:\/\/blog.die-aktive.de\/wp-content\/uploads\/2017\/09\/Herbstfest.png\" alt=\"\" width=\"629\" height=\"898\" \/><\/p>\n","protected":false},"excerpt":{"rendered":"<p>Liebe Mitglieder, am 13.Oktober um 18:00 Uhr findet die diesj\u00e4hrige Mitgliederversammlung im Alten Bahnhof Kleinenbroich statt. Anschlie\u00dfend laden wir zum gem\u00fctlichen Teil und angeregten Gespr\u00e4chen ein. F\u00fcr leckere Schmankerl und erfrischende Getr\u00e4nke ist bestens gesorgt. Wir freuen uns auf Sie!<\/p>\n","protected":false},"author":3,"featured_media":0,"comment_status":"closed","ping_status":"closed","sticky":false,"template":"","format":"standard","meta":{"footnotes":""},"categories":[21],"tags":[],"class_list":["post-20267","post","type-post","status-publish","format-standard","hentry","category-weitere-themen"],"_links":{"self":[{"href":"https:\/\/die-aktive.de\/index.php?rest_route=\/wp\/v2\/posts\/20267","targetHints":{"allow":["GET"]}}],"collection":[{"href":"https:\/\/die-aktive.de\/index.php?rest_route=\/wp\/v2\/posts"}],"about":[{"href":"https:\/\/die-aktive.de\/index.php?rest_route=\/wp\/v2\/types\/post"}],"author":[{"embeddable":true,"href":"https:\/\/die-aktive.de\/index.php?rest_route=\/wp\/v2\/users\/3"}],"replies":[{"embeddable":true,"href":"https:\/\/die-aktive.de\/index.php?rest_route=%2Fwp%2Fv2%2Fcomments&post=20267"}],"version-history":[{"count":0,"href":"https:\/\/die-aktive.de\/index.php?rest_route=\/wp\/v2\/posts\/20267\/revisions"}],"wp:attachment":[{"href":"https:\/\/die-aktive.de\/index.php?rest_route=%2Fwp%2Fv2%2Fmedia&parent=20267"}],"wp:term":[{"taxonomy":"category","embeddable":true,"href":"https:\/\/die-aktive.de\/index.php?rest_route=%2Fwp%2Fv2%2Fcategories&post=20267"},{"taxonomy":"post_tag","embeddable":true,"href":"https:\/\/die-aktive.de\/index.php?rest_route=%2Fwp%2Fv2%2Ftags&post=20267"}],"curies":[{"name":"wp","href":"https:\/\/api.w.org\/{rel}","templated":true}]}}