{"id":20259,"date":"2017-07-19T22:26:25","date_gmt":"2017-07-19T20:26:25","guid":{"rendered":"http:\/\/blog.die-aktive.de\/?p=20259"},"modified":"2017-07-19T22:26:25","modified_gmt":"2017-07-19T20:26:25","slug":"sommergespraeche","status":"publish","type":"post","link":"https:\/\/die-aktive.de\/?p=20259","title":{"rendered":"Sommergespr\u00e4che!"},"content":{"rendered":"<p>F\u00fcr alle Mitglieder und interessierten Mitb\u00fcrgerinnen und Mitb\u00fcrger l\u00e4dt die Aktive B\u00fcrger Gemeinschaft\u00a0 in den Sommerferien an drei Terminen zu Ferienstammtischen in unserer Stadt ein.<\/p>\n<p><strong>Die Termine sind:<\/strong><\/p>\n<p><strong>Donnerstag 27. Juli ab 18.30 Uhr<\/strong><\/p>\n<p><strong>Donnerstag 10. August ab 18.30 Uhr<\/strong><\/p>\n<p><strong>Donnerstag 24. August ab 18.30 Uhr<\/strong><\/p>\n<p><strong>\u00a0<\/strong>Treffpunkt ist vor der Gastst\u00e4tte Dresen in Raderbroich.<\/p>\n<p>Eingeladen ist Jedermann! Es gibt die Gelegenheit zu interessanten Gespr\u00e4chen und nat\u00fcrlich k\u00f6nnen auch \u00c4rgernisse oder Anregungen angesprochen werden.<\/p>\n<p>Wir freuen uns auf Sie!<\/p>\n","protected":false},"excerpt":{"rendered":"<p>F\u00fcr alle Mitglieder und interessierten Mitb\u00fcrgerinnen und Mitb\u00fcrger l\u00e4dt die Aktive B\u00fcrger Gemeinschaft\u00a0 in den Sommerferien an drei Terminen zu Ferienstammtischen in unserer Stadt ein. Die Termine sind: Donnerstag 27. Juli ab 18.30 Uhr Donnerstag 10. August ab 18.30 Uhr Donnerstag 24. August ab 18.30 Uhr \u00a0Treffpunkt ist vor der Gastst\u00e4tte Dresen in Raderbroich. Eingeladen ist Jedermann! Es gibt die Gelegenheit zu interessanten Gespr\u00e4chen und nat\u00fcrlich k\u00f6nnen auch \u00c4rgernisse oder Anregungen angesprochen werden. Wir freuen [&#8230;]<\/p>\n","protected":false},"author":3,"featured_media":0,"comment_status":"closed","ping_status":"closed","sticky":false,"template":"","format":"standard","meta":{"footnotes":""},"categories":[19],"tags":[],"class_list":["post-20259","post","type-post","status-publish","format-standard","hentry","category-die-aktive-informiert"],"_links":{"self":[{"href":"https:\/\/die-aktive.de\/index.php?rest_route=\/wp\/v2\/posts\/20259","targetHints":{"allow":["GET"]}}],"collection":[{"href":"https:\/\/die-aktive.de\/index.php?rest_route=\/wp\/v2\/posts"}],"about":[{"href":"https:\/\/die-aktive.de\/index.php?rest_route=\/wp\/v2\/types\/post"}],"author":[{"embeddable":true,"href":"https:\/\/die-aktive.de\/index.php?rest_route=\/wp\/v2\/users\/3"}],"replies":[{"embeddable":true,"href":"https:\/\/die-aktive.de\/index.php?rest_route=%2Fwp%2Fv2%2Fcomments&post=20259"}],"version-history":[{"count":0,"href":"https:\/\/die-aktive.de\/index.php?rest_route=\/wp\/v2\/posts\/20259\/revisions"}],"wp:attachment":[{"href":"https:\/\/die-aktive.de\/index.php?rest_route=%2Fwp%2Fv2%2Fmedia&parent=20259"}],"wp:term":[{"taxonomy":"category","embeddable":true,"href":"https:\/\/die-aktive.de\/index.php?rest_route=%2Fwp%2Fv2%2Fcategories&post=20259"},{"taxonomy":"post_tag","embeddable":true,"href":"https:\/\/die-aktive.de\/index.php?rest_route=%2Fwp%2Fv2%2Ftags&post=20259"}],"curies":[{"name":"wp","href":"https:\/\/api.w.org\/{rel}","templated":true}]}}